{"id":7245,"date":"2026-09-04T01:54:55","date_gmt":"2026-09-04T04:54:55","guid":{"rendered":"https:\/\/camaradellibro.cl\/?p=7245"},"modified":"2026-09-04T01:54:56","modified_gmt":"2026-09-04T04:54:56","slug":"cynthia-rimsky-celebramos-a-nuestra-premio-nacional-de-literatura-recorriendo-los-principales-hitos-de-su-trayectoria","status":"publish","type":"post","link":"https:\/\/camaradellibro.cl\/index.php\/2026\/09\/04\/cynthia-rimsky-celebramos-a-nuestra-premio-nacional-de-literatura-recorriendo-los-principales-hitos-de-su-trayectoria\/","title":{"rendered":"Cynthia Rimsky: celebramos a nuestra Premio Nacional de Literatura recorriendo los principales hitos de su trayectoria"},"content":{"rendered":"\n<p class=\"wp-block-paragraph\">Cynthia Rimsky ha sido reconocida con el Premio Nacional de Literatura 2026, convirti\u00e9ndose en la s\u00e9ptima mujer en recibir el m\u00e1ximo galard\u00f3n de nuestras letras. Escritora, periodista y acad\u00e9mica, ha publicado m\u00e1s de diez libros y ha desarrollado una obra que transita entre la novela, la cr\u00f3nica de viajes, la autobiograf\u00eda y el ensayo.<\/p>\n\n\n\n<p class=\"wp-block-paragraph\">Nacida en Santiago en 1962, creci\u00f3 leyendo novelas de aventuras y a los 11 a\u00f1os recibi\u00f3 su primer diario de vida. A\u00f1os m\u00e1s tarde estudi\u00f3 Periodismo en la Universidad de Chile y realiz\u00f3 su pr\u00e1ctica en El Mercurio de Valpara\u00edso. Por otra parte, su camino en la literatura fue tomando su propio rumbo: en 1995 obtuvo el primer lugar en los Juegos Literarios Gabriela Mistral con el relato El aliento de F\u00e1tima y, a los 40 a\u00f1os, public\u00f3 su primer libro, Poste restante.<\/p>\n\n\n\n<p class=\"wp-block-paragraph\">Esta primera obra surgi\u00f3 de un viaje a Ulanov, Ucrania, el pueblo donde nacieron sus abuelos paternos, y comenz\u00f3 a mostrar algunos de los rasgos que han marcado su escritura. A lo largo de su trayectoria ha publicado t\u00edtulos como Yomur\u00ed, novela que tard\u00f3 12 a\u00f1os en escribir y que recibi\u00f3 el Premio Mejores Obras Literarias 2023, y Clara y confusa, con la que obtuvo el Premio Herralde de Novela 2024.<\/p>\n\n\n\n<p class=\"wp-block-paragraph\">Cynthia Rimsky ha definido su escritura como un proceso que surge \u201ca partir de la experiencia y del error\u201d y ha se\u00f1alado que le interesa \u201cpensar escribiendo\u201d m\u00e1s que simplemente contar historias. Esa b\u00fasqueda de una voz propia ha sido precisamente uno de los aspectos valorados por el jurado del Premio Nacional, que ha destacado una trayectoria consistente y una obra que escapa de las categor\u00edas tradicionales para construir una forma particular y reconocible de narrar.<\/p>\n","protected":false},"excerpt":{"rendered":"<p>Cynthia Rimsky ha sido reconocida con el Premio Nacional de Literatura 2026, convirti\u00e9ndose en la s\u00e9ptima mujer en recibir el m\u00e1ximo galard\u00f3n de nuestras letras. Escritora, periodista y acad\u00e9mica, ha publicado m\u00e1s de diez libros y ha desarrollado una obra que transita entre la novela, la cr\u00f3nica de viajes, la autobiograf\u00eda y el ensayo. Nacida [&hellip;]<\/p>\n","protected":false},"author":2,"featured_media":7246,"comment_status":"open","ping_status":"open","sticky":false,"template":"","format":"standard","meta":{"footnotes":""},"categories":[8,9],"tags":[],"class_list":["post-7245","post","type-post","status-publish","format-standard","has-post-thumbnail","hentry","category-noticias","category-noticias-camara"],"_links":{"self":[{"href":"https:\/\/camaradellibro.cl\/index.php\/wp-json\/wp\/v2\/posts\/7245","targetHints":{"allow":["GET"]}}],"collection":[{"href":"https:\/\/camaradellibro.cl\/index.php\/wp-json\/wp\/v2\/posts"}],"about":[{"href":"https:\/\/camaradellibro.cl\/index.php\/wp-json\/wp\/v2\/types\/post"}],"author":[{"embeddable":true,"href":"https:\/\/camaradellibro.cl\/index.php\/wp-json\/wp\/v2\/users\/2"}],"replies":[{"embeddable":true,"href":"https:\/\/camaradellibro.cl\/index.php\/wp-json\/wp\/v2\/comments?post=7245"}],"version-history":[{"count":1,"href":"https:\/\/camaradellibro.cl\/index.php\/wp-json\/wp\/v2\/posts\/7245\/revisions"}],"predecessor-version":[{"id":7247,"href":"https:\/\/camaradellibro.cl\/index.php\/wp-json\/wp\/v2\/posts\/7245\/revisions\/7247"}],"wp:featuredmedia":[{"embeddable":true,"href":"https:\/\/camaradellibro.cl\/index.php\/wp-json\/wp\/v2\/media\/7246"}],"wp:attachment":[{"href":"https:\/\/camaradellibro.cl\/index.php\/wp-json\/wp\/v2\/media?parent=7245"}],"wp:term":[{"taxonomy":"category","embeddable":true,"href":"https:\/\/camaradellibro.cl\/index.php\/wp-json\/wp\/v2\/categories?post=7245"},{"taxonomy":"post_tag","embeddable":true,"href":"https:\/\/camaradellibro.cl\/index.php\/wp-json\/wp\/v2\/tags?post=7245"}],"curies":[{"name":"wp","href":"https:\/\/api.w.org\/{rel}","templated":true}]}}